{"id":872,"date":"2021-09-18T00:11:34","date_gmt":"2021-09-17T22:11:34","guid":{"rendered":"http:\/\/www.cdu-herdringen.de\/?p=872"},"modified":"2021-09-18T00:11:34","modified_gmt":"2021-09-17T22:11:34","slug":"die-vereine-liegen-uns-am-herzen-das-ehrenamt-muss-unterstuetzt-werden-cdu-umfrage-an-die-vereine-in-herdringen","status":"publish","type":"post","link":"https:\/\/www.cdu-herdringen.de\/?p=872","title":{"rendered":"Die Vereine liegen uns am Herzen \u2013 das Ehrenamt muss unterst\u00fctzt werden! CDU-Umfrage an die Vereine in Herdringen"},"content":{"rendered":"<p><a href=\"http:\/\/www.cdu-herdringen.de\/wp-content\/uploads\/2019\/09\/CDU-Herdringen-Logo.jpg\"><img loading=\"lazy\" decoding=\"async\" class=\"alignright size-full wp-image-305\" src=\"http:\/\/www.cdu-herdringen.de\/wp-content\/uploads\/2019\/09\/CDU-Herdringen-Logo.jpg\" alt=\"\" width=\"274\" height=\"110\" \/><\/a>An die<br \/>\nVereine und Gemeinschaften in Herdringen<\/p>\n<p>per eMail<\/p>\n<p>Sehr geehrte Damen, sehr geehrte Herren,<\/p>\n<p><strong>Das Ehrenamt liegt uns am Herzen.<\/strong><\/p>\n<p>Seit der Corona-Krise f\u00e4llt es immer mehr Vereinen schwer, ihre erfolgreiche Arbeit fortzusetzen, ihre Mitglieder zu halten und f\u00fcr ihre Ziele, ob in Sport, im sozialen Bereich oder sonst zu motivieren.<\/p>\n<p>Wir erlauben uns daher die Anfrage wie von Ihnen diese Problematik beurteilt wird und ob Sie feststellen k\u00f6nnen, dass Ihre Mitgliederaktivit\u00e4ten ver\u00e4ndert evtl. zur\u00fcckgegangen sind.<\/p>\n<p>Gibt es K\u00fcndigungen?<br \/>\nWie steht es mit Neuaufnahmen?<br \/>\nWie beurteilen Sie die Situation im Hinblick auf die Sportm\u00f6glichkeiten an den Sportst\u00e4tten unserer Grundschule &#8211; Turnhalle und Lehrschwimmbecken \u2013 anderer Sportst\u00e4tten \/ Sportpl\u00e4tze?<\/p>\n<p>Vereine leben aber nicht nur von aktiven, sondern auch von passiven Mitgliedern.<br \/>\nGibt es dort Austritte?<br \/>\nWenn der Stillstand noch l\u00e4nger andauert, sehen sie die Gefahr, dass Ihr Verein mit weiteren Beeintr\u00e4chtigen \u2013 etwa durch Austritte oder Passivit\u00e4t \u2013 rechnen muss?<\/p>\n<p>Wir w\u00e4ren Ihnen dankbar, wenn Sie unsere Fragen kurzfristig beantworten k\u00f6nnten. Wir sind bereit Sie politisch zu unterst\u00fctzen.<\/p>\n<p>Mit freundlichen Gr\u00fc\u00dfen<\/p>\n<p>Leitungsteam des CDU Ortsverbandes Herdringen<br \/>\n<strong>Richard Eickel &#8211; Franz-Josef Pater &#8211; Marion Arns<\/strong><\/p>\n<p>Antworten bitte an: pater@cdu-herdringen.de<\/p>\n<p><a href=\"http:\/\/www.cdu-herdringen.de\/wp-content\/uploads\/2021\/09\/Umfrage-CDU-Herdringen-Corona-Vereine-Sept-2021.pdf\">Umfrage CDU-Herdringen &#8211; Corona &#8211; Vereine &#8211; Sept 2021<\/a><\/p>\n<p>&nbsp;<\/p>\n","protected":false},"excerpt":{"rendered":"<p>An die Vereine und Gemeinschaften in Herdringen per eMail Sehr geehrte Damen, sehr geehrte Herren, Das Ehrenamt liegt uns am Herzen. Seit der Corona-Krise f\u00e4llt es immer mehr Vereinen schwer, ihre erfolgreiche Arbeit fortzusetzen, ihre Mitglieder zu halten und f\u00fcr &hellip; <a href=\"https:\/\/www.cdu-herdringen.de\/?p=872\">Weiterlesen <span class=\"meta-nav\">&rarr;<\/span><\/a><\/p>\n","protected":false},"author":2,"featured_media":0,"comment_status":"closed","ping_status":"closed","sticky":false,"template":"","format":"standard","meta":{"footnotes":""},"categories":[1],"tags":[],"class_list":["post-872","post","type-post","status-publish","format-standard","hentry","category-allgemein"],"_links":{"self":[{"href":"https:\/\/www.cdu-herdringen.de\/index.php?rest_route=\/wp\/v2\/posts\/872","targetHints":{"allow":["GET"]}}],"collection":[{"href":"https:\/\/www.cdu-herdringen.de\/index.php?rest_route=\/wp\/v2\/posts"}],"about":[{"href":"https:\/\/www.cdu-herdringen.de\/index.php?rest_route=\/wp\/v2\/types\/post"}],"author":[{"embeddable":true,"href":"https:\/\/www.cdu-herdringen.de\/index.php?rest_route=\/wp\/v2\/users\/2"}],"replies":[{"embeddable":true,"href":"https:\/\/www.cdu-herdringen.de\/index.php?rest_route=%2Fwp%2Fv2%2Fcomments&post=872"}],"version-history":[{"count":3,"href":"https:\/\/www.cdu-herdringen.de\/index.php?rest_route=\/wp\/v2\/posts\/872\/revisions"}],"predecessor-version":[{"id":875,"href":"https:\/\/www.cdu-herdringen.de\/index.php?rest_route=\/wp\/v2\/posts\/872\/revisions\/875"}],"wp:attachment":[{"href":"https:\/\/www.cdu-herdringen.de\/index.php?rest_route=%2Fwp%2Fv2%2Fmedia&parent=872"}],"wp:term":[{"taxonomy":"category","embeddable":true,"href":"https:\/\/www.cdu-herdringen.de\/index.php?rest_route=%2Fwp%2Fv2%2Fcategories&post=872"},{"taxonomy":"post_tag","embeddable":true,"href":"https:\/\/www.cdu-herdringen.de\/index.php?rest_route=%2Fwp%2Fv2%2Ftags&post=872"}],"curies":[{"name":"wp","href":"https:\/\/api.w.org\/{rel}","templated":true}]}}