{"id":854,"date":"2021-08-27T17:35:18","date_gmt":"2021-08-27T15:35:18","guid":{"rendered":"http:\/\/www.cdu-herdringen.de\/?p=854"},"modified":"2021-08-27T18:36:29","modified_gmt":"2021-08-27T16:36:29","slug":"pandemiebedingte-terminabsagen","status":"publish","type":"post","link":"https:\/\/www.cdu-herdringen.de\/?p=854","title":{"rendered":"pandemiebedingte Termin\u00e4nderungen"},"content":{"rendered":"<p><a href=\"http:\/\/www.cdu-herdringen.de\/wp-content\/uploads\/2019\/09\/CDU-Herdringen-Logo.jpg\"><img loading=\"lazy\" decoding=\"async\" class=\"alignright size-full wp-image-305\" src=\"http:\/\/www.cdu-herdringen.de\/wp-content\/uploads\/2019\/09\/CDU-Herdringen-Logo.jpg\" alt=\"\" width=\"274\" height=\"110\" \/><\/a>In der Vorstandssitzung des Ortsverbandes Herdringen (26.08.2021) wurden zwei Termine des 2. Halbjahres 2021 &#8211; auf Grund der negativer Entwicklung der Coronazahlen &#8211; auf einen sp\u00e4teren Zeitpunkt (2022) verlegt.<\/p>\n<p>Dazu geh\u00f6rt ein CDU-vor-Ort-Termin &#8222;Besuch bei der WEPA in Arnsberg-M\u00fcschede&#8220; und die Feierlichkeiten zum eigenen 75-j\u00e4hrigen Bestehen des CDU-Ortsverbandes Herdringen.<\/p>\n<p>Die Vorstandsmitgliedern sind sich einig, dass die Gesundheit unserer Mitglieder und weiterer interessierter G\u00e4ste absoluten Vorrang geniest. Deswegen schien eine terminliche Verlegung aktuell unumg\u00e4nglich.<\/p>\n","protected":false},"excerpt":{"rendered":"<p>In der Vorstandssitzung des Ortsverbandes Herdringen (26.08.2021) wurden zwei Termine des 2. Halbjahres 2021 &#8211; auf Grund der negativer Entwicklung der Coronazahlen &#8211; auf einen sp\u00e4teren Zeitpunkt (2022) verlegt. Dazu geh\u00f6rt ein CDU-vor-Ort-Termin &#8222;Besuch bei der WEPA in Arnsberg-M\u00fcschede&#8220; und &hellip; <a href=\"https:\/\/www.cdu-herdringen.de\/?p=854\">Weiterlesen <span class=\"meta-nav\">&rarr;<\/span><\/a><\/p>\n","protected":false},"author":2,"featured_media":0,"comment_status":"closed","ping_status":"closed","sticky":false,"template":"","format":"standard","meta":{"footnotes":""},"categories":[1],"tags":[],"class_list":["post-854","post","type-post","status-publish","format-standard","hentry","category-allgemein"],"_links":{"self":[{"href":"https:\/\/www.cdu-herdringen.de\/index.php?rest_route=\/wp\/v2\/posts\/854","targetHints":{"allow":["GET"]}}],"collection":[{"href":"https:\/\/www.cdu-herdringen.de\/index.php?rest_route=\/wp\/v2\/posts"}],"about":[{"href":"https:\/\/www.cdu-herdringen.de\/index.php?rest_route=\/wp\/v2\/types\/post"}],"author":[{"embeddable":true,"href":"https:\/\/www.cdu-herdringen.de\/index.php?rest_route=\/wp\/v2\/users\/2"}],"replies":[{"embeddable":true,"href":"https:\/\/www.cdu-herdringen.de\/index.php?rest_route=%2Fwp%2Fv2%2Fcomments&post=854"}],"version-history":[{"count":5,"href":"https:\/\/www.cdu-herdringen.de\/index.php?rest_route=\/wp\/v2\/posts\/854\/revisions"}],"predecessor-version":[{"id":866,"href":"https:\/\/www.cdu-herdringen.de\/index.php?rest_route=\/wp\/v2\/posts\/854\/revisions\/866"}],"wp:attachment":[{"href":"https:\/\/www.cdu-herdringen.de\/index.php?rest_route=%2Fwp%2Fv2%2Fmedia&parent=854"}],"wp:term":[{"taxonomy":"category","embeddable":true,"href":"https:\/\/www.cdu-herdringen.de\/index.php?rest_route=%2Fwp%2Fv2%2Fcategories&post=854"},{"taxonomy":"post_tag","embeddable":true,"href":"https:\/\/www.cdu-herdringen.de\/index.php?rest_route=%2Fwp%2Fv2%2Ftags&post=854"}],"curies":[{"name":"wp","href":"https:\/\/api.w.org\/{rel}","templated":true}]}}