{"id":844,"date":"2021-08-19T17:19:21","date_gmt":"2021-08-19T15:19:21","guid":{"rendered":"http:\/\/www.cdu-herdringen.de\/?p=844"},"modified":"2021-08-19T17:19:21","modified_gmt":"2021-08-19T15:19:21","slug":"cdu-wir-laden-herzlich-ein-zu-unserem-wahlkampfauftakt","status":"publish","type":"post","link":"https:\/\/www.cdu-herdringen.de\/?p=844","title":{"rendered":"CDU &#8211; Wir laden herzlich ein zu unserem Wahlkampfauftakt."},"content":{"rendered":"<div>\n<p>Die CDU im Hochsauerlandkreis l\u00e4dt alle herzlich zum Wahlkampfauftakt nach Meschede ein. Nach dem Kreisparteitag der CDU-HSK findet eine \u00f6ffentliche Veranstaltung mit unserem Kandidaten f\u00fcr den Deutsch Bundestag Friedrich Merz\u00a0statt:<\/p>\n<p>Samstag, den 28. August 2021 um 12:30 Uhr von der Sch\u00fctzenhalle in Meschede.<\/p>\n<p><a href=\"http:\/\/www.cdu-herdringen.de\/wp-content\/uploads\/2021\/08\/wahlkampfauftakt-2021.jpg\"><img loading=\"lazy\" decoding=\"async\" class=\"aligncenter size-full wp-image-846\" src=\"http:\/\/www.cdu-herdringen.de\/wp-content\/uploads\/2021\/08\/wahlkampfauftakt-2021.jpg\" alt=\"\" width=\"940\" height=\"788\" srcset=\"https:\/\/www.cdu-herdringen.de\/wp-content\/uploads\/2021\/08\/wahlkampfauftakt-2021.jpg 940w, https:\/\/www.cdu-herdringen.de\/wp-content\/uploads\/2021\/08\/wahlkampfauftakt-2021-300x251.jpg 300w, https:\/\/www.cdu-herdringen.de\/wp-content\/uploads\/2021\/08\/wahlkampfauftakt-2021-768x644.jpg 768w\" sizes=\"auto, (max-width: 940px) 100vw, 940px\" \/><\/a><\/p>\n<\/div>\n","protected":false},"excerpt":{"rendered":"<p>Die CDU im Hochsauerlandkreis l\u00e4dt alle herzlich zum Wahlkampfauftakt nach Meschede ein. Nach dem Kreisparteitag der CDU-HSK findet eine \u00f6ffentliche Veranstaltung mit unserem Kandidaten f\u00fcr den Deutsch Bundestag Friedrich Merz\u00a0statt: Samstag, den 28. August 2021 um 12:30 Uhr von der &hellip; <a href=\"https:\/\/www.cdu-herdringen.de\/?p=844\">Weiterlesen <span class=\"meta-nav\">&rarr;<\/span><\/a><\/p>\n","protected":false},"author":2,"featured_media":0,"comment_status":"closed","ping_status":"closed","sticky":false,"template":"","format":"standard","meta":{"footnotes":""},"categories":[1],"tags":[],"class_list":["post-844","post","type-post","status-publish","format-standard","hentry","category-allgemein"],"_links":{"self":[{"href":"https:\/\/www.cdu-herdringen.de\/index.php?rest_route=\/wp\/v2\/posts\/844","targetHints":{"allow":["GET"]}}],"collection":[{"href":"https:\/\/www.cdu-herdringen.de\/index.php?rest_route=\/wp\/v2\/posts"}],"about":[{"href":"https:\/\/www.cdu-herdringen.de\/index.php?rest_route=\/wp\/v2\/types\/post"}],"author":[{"embeddable":true,"href":"https:\/\/www.cdu-herdringen.de\/index.php?rest_route=\/wp\/v2\/users\/2"}],"replies":[{"embeddable":true,"href":"https:\/\/www.cdu-herdringen.de\/index.php?rest_route=%2Fwp%2Fv2%2Fcomments&post=844"}],"version-history":[{"count":2,"href":"https:\/\/www.cdu-herdringen.de\/index.php?rest_route=\/wp\/v2\/posts\/844\/revisions"}],"predecessor-version":[{"id":847,"href":"https:\/\/www.cdu-herdringen.de\/index.php?rest_route=\/wp\/v2\/posts\/844\/revisions\/847"}],"wp:attachment":[{"href":"https:\/\/www.cdu-herdringen.de\/index.php?rest_route=%2Fwp%2Fv2%2Fmedia&parent=844"}],"wp:term":[{"taxonomy":"category","embeddable":true,"href":"https:\/\/www.cdu-herdringen.de\/index.php?rest_route=%2Fwp%2Fv2%2Fcategories&post=844"},{"taxonomy":"post_tag","embeddable":true,"href":"https:\/\/www.cdu-herdringen.de\/index.php?rest_route=%2Fwp%2Fv2%2Ftags&post=844"}],"curies":[{"name":"wp","href":"https:\/\/api.w.org\/{rel}","templated":true}]}}