{"id":833,"date":"2021-08-14T19:37:02","date_gmt":"2021-08-14T17:37:02","guid":{"rendered":"http:\/\/www.cdu-herdringen.de\/?p=833"},"modified":"2021-08-14T19:57:35","modified_gmt":"2021-08-14T17:57:35","slug":"bundestagswahl-nutzen-sie-die-briefwahl","status":"publish","type":"post","link":"https:\/\/www.cdu-herdringen.de\/?p=833","title":{"rendered":"Bundestagswahl &#8211; Nutzen Sie die Briefwahl"},"content":{"rendered":"<p><a href=\"http:\/\/www.cdu-herdringen.de\/wp-content\/uploads\/2021\/08\/briefwahl-2021.jpg\"><img loading=\"lazy\" decoding=\"async\" class=\"alignright size-medium wp-image-832\" src=\"http:\/\/www.cdu-herdringen.de\/wp-content\/uploads\/2021\/08\/briefwahl-2021-300x169.jpg\" alt=\"\" width=\"300\" height=\"169\" srcset=\"https:\/\/www.cdu-herdringen.de\/wp-content\/uploads\/2021\/08\/briefwahl-2021-300x169.jpg 300w, https:\/\/www.cdu-herdringen.de\/wp-content\/uploads\/2021\/08\/briefwahl-2021-768x432.jpg 768w, https:\/\/www.cdu-herdringen.de\/wp-content\/uploads\/2021\/08\/briefwahl-2021.jpg 780w\" sizes=\"auto, (max-width: 300px) 100vw, 300px\" \/><\/a>Liebe W\u00e4hlerinnen und W\u00e4hler!<\/p>\n<div class=\"content bean-content\">\n<div class=\"content-right\">\n<div class=\"text\">\n<div class=\"field field-name-field-fc-teaser-alt field-type-text-long field-label-hidden field--name-field-fc-teaser-alt field--type-text-long field--label-hidden\">\n<div class=\"field__items field-items \">\n<div class=\"field__item field-item even field-item-1\">\n<p>Am 26. September 2021 ist Bundestagswahl. Die Wahllokale sind von 8 bis 18 Uhr ge\u00f6ffnet.<\/p>\n<p>Vorher k\u00f6nnen Sie per Briefwahl w\u00e4hlen. Besser. Sicher. Jetzt.<\/p>\n<p>Unsere Einladung, unser Appell an Sie: Nutzen Sie die Chance der Briefwahl. \u00dcberlassen Sie Politik nicht den anderen. Stimmen Sie ab!<\/p>\n<p>Informationen zur Bundestagswahl \/Briefwahl finden Sie unter<\/p>\n<p><a href=\"https:\/\/www.cdu-nrw.de\/briefwahl\">https:\/\/www.cdu-nrw.de\/briefwahl<\/a><\/p>\n<p>oder unter<\/p>\n<p><a href=\"https:\/\/www.arnsberg.de\/wahlen\/bundestagswahl\/infosbtwbriefwahl.php\">https:\/\/www.arnsberg.de\/wahlen\/bundestagswahl\/infosbtwbriefwahl.php<\/a><\/p>\n<\/div>\n<\/div>\n<\/div>\n<\/div>\n<\/div>\n<\/div>\n<p>&nbsp;<\/p>\n","protected":false},"excerpt":{"rendered":"<p>Liebe W\u00e4hlerinnen und W\u00e4hler! Am 26. September 2021 ist Bundestagswahl. Die Wahllokale sind von 8 bis 18 Uhr ge\u00f6ffnet. Vorher k\u00f6nnen Sie per Briefwahl w\u00e4hlen. Besser. Sicher. Jetzt. Unsere Einladung, unser Appell an Sie: Nutzen Sie die Chance der Briefwahl. &hellip; <a href=\"https:\/\/www.cdu-herdringen.de\/?p=833\">Weiterlesen <span class=\"meta-nav\">&rarr;<\/span><\/a><\/p>\n","protected":false},"author":2,"featured_media":0,"comment_status":"closed","ping_status":"closed","sticky":false,"template":"","format":"standard","meta":{"footnotes":""},"categories":[1],"tags":[],"class_list":["post-833","post","type-post","status-publish","format-standard","hentry","category-allgemein"],"_links":{"self":[{"href":"https:\/\/www.cdu-herdringen.de\/index.php?rest_route=\/wp\/v2\/posts\/833","targetHints":{"allow":["GET"]}}],"collection":[{"href":"https:\/\/www.cdu-herdringen.de\/index.php?rest_route=\/wp\/v2\/posts"}],"about":[{"href":"https:\/\/www.cdu-herdringen.de\/index.php?rest_route=\/wp\/v2\/types\/post"}],"author":[{"embeddable":true,"href":"https:\/\/www.cdu-herdringen.de\/index.php?rest_route=\/wp\/v2\/users\/2"}],"replies":[{"embeddable":true,"href":"https:\/\/www.cdu-herdringen.de\/index.php?rest_route=%2Fwp%2Fv2%2Fcomments&post=833"}],"version-history":[{"count":5,"href":"https:\/\/www.cdu-herdringen.de\/index.php?rest_route=\/wp\/v2\/posts\/833\/revisions"}],"predecessor-version":[{"id":838,"href":"https:\/\/www.cdu-herdringen.de\/index.php?rest_route=\/wp\/v2\/posts\/833\/revisions\/838"}],"wp:attachment":[{"href":"https:\/\/www.cdu-herdringen.de\/index.php?rest_route=%2Fwp%2Fv2%2Fmedia&parent=833"}],"wp:term":[{"taxonomy":"category","embeddable":true,"href":"https:\/\/www.cdu-herdringen.de\/index.php?rest_route=%2Fwp%2Fv2%2Fcategories&post=833"},{"taxonomy":"post_tag","embeddable":true,"href":"https:\/\/www.cdu-herdringen.de\/index.php?rest_route=%2Fwp%2Fv2%2Ftags&post=833"}],"curies":[{"name":"wp","href":"https:\/\/api.w.org\/{rel}","templated":true}]}}