{"id":4654,"date":"2026-01-20T21:12:30","date_gmt":"2026-01-20T20:12:30","guid":{"rendered":"https:\/\/www.cdu-herdringen.de\/?p=4654"},"modified":"2026-02-02T23:54:47","modified_gmt":"2026-02-02T22:54:47","slug":"neues-aus-dem-bezirksausschuss-20-01-2026","status":"publish","type":"post","link":"https:\/\/www.cdu-herdringen.de\/?p=4654","title":{"rendered":"Neues aus dem Bezirksausschuss &#8211; 20.01.2026 mit Niederschrift"},"content":{"rendered":"<div class=\"wp-block-image\">\n<figure class=\"alignright size-medium\"><a href=\"http:\/\/www.cdu-herdringen.de\/wp-content\/uploads\/2025\/12\/Bezirksausschuss.jpg\"><img loading=\"lazy\" decoding=\"async\" width=\"300\" height=\"257\" src=\"https:\/\/www.cdu-herdringen.de\/wp-content\/uploads\/2025\/12\/Bezirksausschuss-300x257.jpg\" alt=\"\" class=\"wp-image-4519\" srcset=\"https:\/\/www.cdu-herdringen.de\/wp-content\/uploads\/2025\/12\/Bezirksausschuss-300x257.jpg 300w, https:\/\/www.cdu-herdringen.de\/wp-content\/uploads\/2025\/12\/Bezirksausschuss-350x300.jpg 350w, https:\/\/www.cdu-herdringen.de\/wp-content\/uploads\/2025\/12\/Bezirksausschuss.jpg 507w\" sizes=\"auto, (max-width: 300px) 100vw, 300px\" \/><\/a><\/figure><\/div>\n\n\n<p><\/p>\n\n\n\n<p><strong>Bezirksausschuss Herdringen tagt \u2013 Schwerpunkt Bauvorhaben, Personalentscheidungen und Sachstandsberichte<\/strong><br><br>Bezirksausschuss Herdringen<br>Datum: Dienstag, den 20. Jan. 2026<br>Uhrzeit: ab 17:30 Uhr<br>Tagungsort: Landhotel Dietzel, Herdringen<\/p>\n\n\n<div class=\"wp-block-image\">\n<figure class=\"alignleft size-medium\"><a href=\"http:\/\/www.cdu-herdringen.de\/wp-content\/uploads\/2024\/11\/Herzensprojekt-LSB-u-Turnhalle-Herdringen-3.jpg\"><img loading=\"lazy\" decoding=\"async\" width=\"300\" height=\"300\" src=\"https:\/\/www.cdu-herdringen.de\/wp-content\/uploads\/2024\/11\/Herzensprojekt-LSB-u-Turnhalle-Herdringen-3-300x300.jpg\" alt=\"\" class=\"wp-image-3035\" srcset=\"https:\/\/www.cdu-herdringen.de\/wp-content\/uploads\/2024\/11\/Herzensprojekt-LSB-u-Turnhalle-Herdringen-3-300x300.jpg 300w, https:\/\/www.cdu-herdringen.de\/wp-content\/uploads\/2024\/11\/Herzensprojekt-LSB-u-Turnhalle-Herdringen-3-1024x1024.jpg 1024w, https:\/\/www.cdu-herdringen.de\/wp-content\/uploads\/2024\/11\/Herzensprojekt-LSB-u-Turnhalle-Herdringen-3-150x150.jpg 150w, https:\/\/www.cdu-herdringen.de\/wp-content\/uploads\/2024\/11\/Herzensprojekt-LSB-u-Turnhalle-Herdringen-3-768x768.jpg 768w, https:\/\/www.cdu-herdringen.de\/wp-content\/uploads\/2024\/11\/Herzensprojekt-LSB-u-Turnhalle-Herdringen-3-1536x1536.jpg 1536w, https:\/\/www.cdu-herdringen.de\/wp-content\/uploads\/2024\/11\/Herzensprojekt-LSB-u-Turnhalle-Herdringen-3-2048x2048.jpg 2048w\" sizes=\"auto, (max-width: 300px) 100vw, 300px\" \/><\/a><\/figure><\/div>\n\n\n<p><br><strong>Herdringen<\/strong>. Am 20. Januar 2026 fand die erste Sitzung des Bezirksausschusses Herdringen nach der Kommunalwahl 2025 statt. Im Mittelpunkt standen Stellungnahmen der Stadtverwaltung zu verschiedenen Sachst\u00e4nden sowie einzelne Beratungs- und Bauprojekte.<br><br><strong>Tagesordnung und Sachst\u00e4nde u.a.:<br><\/strong>&#8211; Ausbau Pausenhalle der Grundschule<br>CDU- Antrag \/ Berichterstattung:<br><a href=\"https:\/\/www.cdu-herdringen.de\/?p=3907\" target=\"_blank\" rel=\"noreferrer noopener\">www.cdu-herdringen.de\/Pausenhalle<\/a><br>&#8211; Aufarbeitung und Sanierung des Radwegs Wiebelsheide zum Rumbecker Holz, CDU Berichterstattung: <a href=\"https:\/\/www.cdu-herdringen.de\/?p=2963\" target=\"_blank\" rel=\"noreferrer noopener\">https:\/\/www.cdu-herdringen.de\/Sanierung<\/a><br>&#8211; Windkraftanlagen bei Herdringen<br>CDU Berichtserstattung: <a href=\"https:\/\/www.cdu-herdringen.de\/?p=3722\" target=\"_blank\" rel=\"noreferrer noopener\">https:\/\/www.cdu-herdringen.de\/Windkraftanlage<\/a><\/p>\n\n\n\n<p>Besondere Aufmerksamkeit gilt dem Bauvorhaben Lehrschwimmbecken\/Turnhalle am Heinrich-Knoche-Weg. Hier laufen die Vorbereitungen f\u00fcr den Ersatzneubau: Das bestehende Lehrschwimmbecken und die bisherige Turnhalle werden abgerissen. Der R\u00fcckbau wird noch im 1. Quartal beginnen und im Anschluss erfolgt dann der Neubau. Die Fertigstellung ist f\u00fcr das 1. Quartal 2028 geplant.<\/p>\n\n\n<div class=\"wp-block-image\">\n<figure class=\"alignright size-medium\"><a href=\"https:\/\/www.cdu-herdringen.de\/wp-content\/uploads\/2026\/01\/Bezirksausschuss-Herdringen-20.01.2026-Gratulation-Richard-Eickel-v.l-durch-Franz-Josef-Pater-scaled.jpg\"><img loading=\"lazy\" decoding=\"async\" width=\"300\" height=\"225\" src=\"https:\/\/www.cdu-herdringen.de\/wp-content\/uploads\/2026\/01\/Bezirksausschuss-Herdringen-20.01.2026-Gratulation-Richard-Eickel-v.l-durch-Franz-Josef-Pater-300x225.jpg\" alt=\"\" class=\"wp-image-4706\" srcset=\"https:\/\/www.cdu-herdringen.de\/wp-content\/uploads\/2026\/01\/Bezirksausschuss-Herdringen-20.01.2026-Gratulation-Richard-Eickel-v.l-durch-Franz-Josef-Pater-300x225.jpg 300w, https:\/\/www.cdu-herdringen.de\/wp-content\/uploads\/2026\/01\/Bezirksausschuss-Herdringen-20.01.2026-Gratulation-Richard-Eickel-v.l-durch-Franz-Josef-Pater-1024x768.jpg 1024w, https:\/\/www.cdu-herdringen.de\/wp-content\/uploads\/2026\/01\/Bezirksausschuss-Herdringen-20.01.2026-Gratulation-Richard-Eickel-v.l-durch-Franz-Josef-Pater-768x576.jpg 768w, https:\/\/www.cdu-herdringen.de\/wp-content\/uploads\/2026\/01\/Bezirksausschuss-Herdringen-20.01.2026-Gratulation-Richard-Eickel-v.l-durch-Franz-Josef-Pater-1536x1152.jpg 1536w, https:\/\/www.cdu-herdringen.de\/wp-content\/uploads\/2026\/01\/Bezirksausschuss-Herdringen-20.01.2026-Gratulation-Richard-Eickel-v.l-durch-Franz-Josef-Pater-2048x1536.jpg 2048w, https:\/\/www.cdu-herdringen.de\/wp-content\/uploads\/2026\/01\/Bezirksausschuss-Herdringen-20.01.2026-Gratulation-Richard-Eickel-v.l-durch-Franz-Josef-Pater-400x300.jpg 400w\" sizes=\"auto, (max-width: 300px) 100vw, 300px\" \/><\/a><figcaption class=\"wp-element-caption\">Franz-Josef Pater (Bild rechts) gratuliert dem neuen Bezirksausschussvorsitzenden Richard Eickel<\/figcaption><\/figure><\/div>\n\n\n<p><br><strong>Wichtige Personalentscheidungen im Bezirksausschuss:<br><\/strong>Gew\u00e4hlt wurde<br>zum Bezirksausschussvorsitzenden: <strong>Richard Eickel (CDU)<\/strong><br>zum stellvertretenden Vorsitzenden: <br>Frank Dietzel (SPD)<\/p>\n\n\n\n<p>Richard Eickel dankte f\u00fcr das Vertrauen und appellierte an alle Beteiligten, sich partei\u00fcbergreifend, aktiv f\u00fcr die Belange der Herdringer Bev\u00f6lkerung im Bezirksausschuss gemeinsam einzusetzen.<\/p>\n\n\n\n<p><strong>Zusammensetzung des Ausschusses:<\/strong><br>Der Bezirksausschuss umfasst insgesamt neun stimmberechtigte Mitglieder: <br>&#8211; f\u00fcnf CDU-Mitglieder <br>&#8211; drei SPD-Mitglieder<br>&#8211; ein AfD-Mitglied<br>Zus\u00e4tzlich wurden beratende Mitglieder ohne Stimmrecht benannt, darunter der Ortsheimatpfleger und weitere politischen Vertreter (anderer Parteien). <br>Ein umfassendes Protokoll der Sitzung wird auf der Internetseite der Stadt Arnsberg ver\u00f6ffentlicht: <a href=\"https:\/\/ratsinfo.arnsberg.de\/\" target=\"_blank\" rel=\"noreferrer noopener\">https:\/\/ratsinfo.arnsberg.de\/ <\/a><br><br><strong>erg\u00e4nzende Informationen zum Bezirksausschuss Herdringen:<br>Einladung \/ Tagesordnung:<\/strong><br><a href=\"http:\/\/www.cdu-herdringen.de\/wp-content\/uploads\/2026\/01\/20.01.2026-Bezirksausschuss-Herdringen-Einl.pdf\" target=\"_blank\" rel=\"noreferrer noopener\">www.cdu-herdringen.de\/20.01.2026-Bezirksausschuss-Herdringen-Einl.<\/a><br><strong>Beschlu\u00dfvorlage:<\/strong><br><a href=\"http:\/\/www.cdu-herdringen.de\/wp-content\/uploads\/2026\/01\/Vorlage-219_2025-Beschlussvorlage_219-2025.pdf\" target=\"_blank\" rel=\"noreferrer noopener\">www.cdu-herdringen.de\/Vorlage-219_2025-Beschlussvorlage<\/a><br><strong>Anlagen zur Tagesordnung:<\/strong><br><a href=\"http:\/\/www.cdu-herdringen.de\/wp-content\/uploads\/2026\/01\/20.01.2026-Bezirksausschuss-Herdringen-Anlage-zu-9.4-Stellungnahme_Windpark_Teufelskopf.pdf\" target=\"_blank\" rel=\"noreferrer noopener\">www.cdu-herdringen.de\/Anlage-zu-9.4-Stellungnahme_Windpark_Teufelskopf<\/a><br><a href=\"http:\/\/www.cdu-herdringen.de\/wp-content\/uploads\/2026\/01\/20.01.2026-Bezirksausschuss-Herdringen-Anlage-10.2-Stellungnahme_Parksituation_vor_dem_Geldautomaten_an_der_Kreuzstrasse.pdf\" target=\"_blank\" rel=\"noreferrer noopener\">www.cdu-herdringen.de\/Anlage-zu-10.2-Stellungnahme_Parksituation vor_dem_Geldautomaten an_der_Kreuzstrasse<\/a><br><a href=\"http:\/\/www.cdu-herdringen.de\/wp-content\/uploads\/2026\/01\/20.01.2026-Bezirksausschuss-Herdringen-Anlage-zu-10.3-Stellungnahme_Parksituation_Neuer_Weg-_Floxenstrasse_und_Fuerstenbergstrasse.pdf\" target=\"_blank\" rel=\"noreferrer noopener\">www.cdu-herdringen.de\/Anlage-zu-10.3-Stellungnahme_Parksituation_Neuer_Weg-_Floxenstrasse_und_Fuerstenbergstrasse<\/a><br><strong>Vertreter der CDU &#8211; Herdringen im Bezirksausschuss:<\/strong><br><a href=\"http:\/\/www.cdu-herdringen.de\/wp-content\/uploads\/2026\/01\/CDU-Mitglieder-im-Bezirksausschuss-Herdringen.pdf\" target=\"_blank\" rel=\"noreferrer noopener\">www.cdu-herdringen.de\/CDU-Mitglieder-im-Bezirksausschuss-Herdringen<\/a><\/p>\n\n\n\n<figure class=\"wp-block-image size-large\"><a href=\"https:\/\/www.cdu-herdringen.de\/wp-content\/uploads\/2026\/01\/20.01.2026-Bezirksausschuss-Herdringen-CDU-Fraktion-scaled.jpeg\"><img loading=\"lazy\" decoding=\"async\" width=\"1024\" height=\"768\" src=\"https:\/\/www.cdu-herdringen.de\/wp-content\/uploads\/2026\/01\/20.01.2026-Bezirksausschuss-Herdringen-CDU-Fraktion-1024x768.jpeg\" alt=\"\" class=\"wp-image-4708\" srcset=\"https:\/\/www.cdu-herdringen.de\/wp-content\/uploads\/2026\/01\/20.01.2026-Bezirksausschuss-Herdringen-CDU-Fraktion-1024x768.jpeg 1024w, https:\/\/www.cdu-herdringen.de\/wp-content\/uploads\/2026\/01\/20.01.2026-Bezirksausschuss-Herdringen-CDU-Fraktion-300x225.jpeg 300w, https:\/\/www.cdu-herdringen.de\/wp-content\/uploads\/2026\/01\/20.01.2026-Bezirksausschuss-Herdringen-CDU-Fraktion-768x576.jpeg 768w, https:\/\/www.cdu-herdringen.de\/wp-content\/uploads\/2026\/01\/20.01.2026-Bezirksausschuss-Herdringen-CDU-Fraktion-1536x1152.jpeg 1536w, https:\/\/www.cdu-herdringen.de\/wp-content\/uploads\/2026\/01\/20.01.2026-Bezirksausschuss-Herdringen-CDU-Fraktion-2048x1536.jpeg 2048w, https:\/\/www.cdu-herdringen.de\/wp-content\/uploads\/2026\/01\/20.01.2026-Bezirksausschuss-Herdringen-CDU-Fraktion-400x300.jpeg 400w\" sizes=\"auto, (max-width: 1024px) 100vw, 1024px\" \/><\/a><figcaption class=\"wp-element-caption\">CDU-Fraktion Herdringen: (v.l.) Manfred Burs, Uschi Westhoff, Richard Eickel, Marion Arns, Franz-Josef Pater<\/figcaption><\/figure>\n\n\n\n<p>Niederschrift:<br><a href=\"http:\/\/www.cdu-herdringen.de\/wp-content\/uploads\/2026\/02\/Niederschrift-20.01.2026.pdf\" target=\"_blank\" rel=\"noreferrer noopener\">www.cdu-herdringen.de\/Niederschrift-20.01.2026.pdf<\/a><\/p>\n\n\n\n<p><\/p>\n","protected":false},"excerpt":{"rendered":"<p>Bezirksausschuss Herdringen tagt \u2013 Schwerpunkt Bauvorhaben, Personalentscheidungen und Sachstandsberichte Bezirksausschuss HerdringenDatum: Dienstag, den 20. Jan. 2026Uhrzeit: ab 17:30 UhrTagungsort: Landhotel Dietzel, Herdringen Herdringen. Am 20. Januar 2026 fand die erste Sitzung des Bezirksausschusses Herdringen nach der Kommunalwahl 2025 statt. Im &hellip; <a href=\"https:\/\/www.cdu-herdringen.de\/?p=4654\">Weiterlesen <span class=\"meta-nav\">&rarr;<\/span><\/a><\/p>\n","protected":false},"author":2,"featured_media":0,"comment_status":"closed","ping_status":"closed","sticky":false,"template":"","format":"standard","meta":{"footnotes":""},"categories":[1],"tags":[],"class_list":["post-4654","post","type-post","status-publish","format-standard","hentry","category-allgemein"],"_links":{"self":[{"href":"https:\/\/www.cdu-herdringen.de\/index.php?rest_route=\/wp\/v2\/posts\/4654","targetHints":{"allow":["GET"]}}],"collection":[{"href":"https:\/\/www.cdu-herdringen.de\/index.php?rest_route=\/wp\/v2\/posts"}],"about":[{"href":"https:\/\/www.cdu-herdringen.de\/index.php?rest_route=\/wp\/v2\/types\/post"}],"author":[{"embeddable":true,"href":"https:\/\/www.cdu-herdringen.de\/index.php?rest_route=\/wp\/v2\/users\/2"}],"replies":[{"embeddable":true,"href":"https:\/\/www.cdu-herdringen.de\/index.php?rest_route=%2Fwp%2Fv2%2Fcomments&post=4654"}],"version-history":[{"count":36,"href":"https:\/\/www.cdu-herdringen.de\/index.php?rest_route=\/wp\/v2\/posts\/4654\/revisions"}],"predecessor-version":[{"id":4729,"href":"https:\/\/www.cdu-herdringen.de\/index.php?rest_route=\/wp\/v2\/posts\/4654\/revisions\/4729"}],"wp:attachment":[{"href":"https:\/\/www.cdu-herdringen.de\/index.php?rest_route=%2Fwp%2Fv2%2Fmedia&parent=4654"}],"wp:term":[{"taxonomy":"category","embeddable":true,"href":"https:\/\/www.cdu-herdringen.de\/index.php?rest_route=%2Fwp%2Fv2%2Fcategories&post=4654"},{"taxonomy":"post_tag","embeddable":true,"href":"https:\/\/www.cdu-herdringen.de\/index.php?rest_route=%2Fwp%2Fv2%2Ftags&post=4654"}],"curies":[{"name":"wp","href":"https:\/\/api.w.org\/{rel}","templated":true}]}}