{"id":400,"date":"2020-03-06T20:21:48","date_gmt":"2020-03-06T19:21:48","guid":{"rendered":"http:\/\/www.cdu-herdringen.de\/?p=400"},"modified":"2020-03-06T20:22:23","modified_gmt":"2020-03-06T19:22:23","slug":"starke-nominierung-fuer-michael-bruene","status":"publish","type":"post","link":"https:\/\/www.cdu-herdringen.de\/?p=400","title":{"rendered":"Starke Nominierung f\u00fcr Michael Br\u00fcne"},"content":{"rendered":"<div id=\"attachment_176\" style=\"width: 310px\" class=\"wp-caption alignright\"><a href=\"http:\/\/www.cdu-herdringen.de\/wp-content\/uploads\/2017\/11\/Bruene_Michael_1x1.jpg\"><img loading=\"lazy\" decoding=\"async\" aria-describedby=\"caption-attachment-176\" class=\"size-medium wp-image-176\" src=\"http:\/\/www.cdu-herdringen.de\/wp-content\/uploads\/2017\/11\/Bruene_Michael_1x1-300x300.jpg\" alt=\"\" width=\"300\" height=\"300\" srcset=\"https:\/\/www.cdu-herdringen.de\/wp-content\/uploads\/2017\/11\/Bruene_Michael_1x1-300x300.jpg 300w, https:\/\/www.cdu-herdringen.de\/wp-content\/uploads\/2017\/11\/Bruene_Michael_1x1-150x150.jpg 150w, https:\/\/www.cdu-herdringen.de\/wp-content\/uploads\/2017\/11\/Bruene_Michael_1x1.jpg 600w\" sizes=\"auto, (max-width: 300px) 100vw, 300px\" \/><\/a><p id=\"caption-attachment-176\" class=\"wp-caption-text\">Michael Br\u00fcne<\/p><\/div>\n<p>14 CDU-Mitglieder aus dem Kr\u00e4hendorf unterst\u00fctzten die Nominierung des Herdringer Michael Br\u00fcne mit ihrer Stimme.<br \/>\nIm Rahmen der Mitgliederversammlung wurden die Kandidaten f\u00fcr die Arnsberger Wahlkreise gew\u00e4hlt. Mit 129 von m\u00f6glichen 141 Stimmen erhielt er eine gro\u00dfe Zustimmung von den CDU-Mitgliedern im Bergheimer Siedlerheim.<\/p>\n<p>Als Direktkandidat tritt er nun an und wirbt f\u00fcr die CDU Arnsberg anl\u00e4\u00dflich der kommenden Kommunalwahl. Ebenso f\u00fcr seine postive, politische Weiterarbeit f\u00fcr den Ortsteil Herdringen.<\/p>\n<p>Damit der Ortsteil auch verl\u00e4sslich im Rat vertreten bleibt, falls Michael Br\u00fcne w\u00e4hrend der kommenden f\u00fcnf Jahre als Mitglied dort ausfallen w\u00fcrde, nutzt die CDU die von vielen St\u00e4dten und Gemeinden genutzte M\u00f6glichkeit, vorsorglich einen Vertreter aufzustellen. Dazu erkl\u00e4rte sich Richard Eickel bereit und wurde ebenso mit einem entsprechenden Vertrauensvotum ausgestattet.<\/p>\n<p>&nbsp;<\/p>\n","protected":false},"excerpt":{"rendered":"<p>14 CDU-Mitglieder aus dem Kr\u00e4hendorf unterst\u00fctzten die Nominierung des Herdringer Michael Br\u00fcne mit ihrer Stimme. Im Rahmen der Mitgliederversammlung wurden die Kandidaten f\u00fcr die Arnsberger Wahlkreise gew\u00e4hlt. Mit 129 von m\u00f6glichen 141 Stimmen erhielt er eine gro\u00dfe Zustimmung von den &hellip; <a href=\"https:\/\/www.cdu-herdringen.de\/?p=400\">Weiterlesen <span class=\"meta-nav\">&rarr;<\/span><\/a><\/p>\n","protected":false},"author":2,"featured_media":0,"comment_status":"closed","ping_status":"closed","sticky":false,"template":"","format":"standard","meta":{"footnotes":""},"categories":[1],"tags":[],"class_list":["post-400","post","type-post","status-publish","format-standard","hentry","category-allgemein"],"_links":{"self":[{"href":"https:\/\/www.cdu-herdringen.de\/index.php?rest_route=\/wp\/v2\/posts\/400","targetHints":{"allow":["GET"]}}],"collection":[{"href":"https:\/\/www.cdu-herdringen.de\/index.php?rest_route=\/wp\/v2\/posts"}],"about":[{"href":"https:\/\/www.cdu-herdringen.de\/index.php?rest_route=\/wp\/v2\/types\/post"}],"author":[{"embeddable":true,"href":"https:\/\/www.cdu-herdringen.de\/index.php?rest_route=\/wp\/v2\/users\/2"}],"replies":[{"embeddable":true,"href":"https:\/\/www.cdu-herdringen.de\/index.php?rest_route=%2Fwp%2Fv2%2Fcomments&post=400"}],"version-history":[{"count":4,"href":"https:\/\/www.cdu-herdringen.de\/index.php?rest_route=\/wp\/v2\/posts\/400\/revisions"}],"predecessor-version":[{"id":404,"href":"https:\/\/www.cdu-herdringen.de\/index.php?rest_route=\/wp\/v2\/posts\/400\/revisions\/404"}],"wp:attachment":[{"href":"https:\/\/www.cdu-herdringen.de\/index.php?rest_route=%2Fwp%2Fv2%2Fmedia&parent=400"}],"wp:term":[{"taxonomy":"category","embeddable":true,"href":"https:\/\/www.cdu-herdringen.de\/index.php?rest_route=%2Fwp%2Fv2%2Fcategories&post=400"},{"taxonomy":"post_tag","embeddable":true,"href":"https:\/\/www.cdu-herdringen.de\/index.php?rest_route=%2Fwp%2Fv2%2Ftags&post=400"}],"curies":[{"name":"wp","href":"https:\/\/api.w.org\/{rel}","templated":true}]}}