{"id":392,"date":"2020-03-01T09:40:00","date_gmt":"2020-03-01T08:40:00","guid":{"rendered":"http:\/\/www.cdu-herdringen.de\/?p=392"},"modified":"2020-03-01T09:41:34","modified_gmt":"2020-03-01T08:41:34","slug":"cdu-stadtverband-laedt-ein-zum-stadtparteitag","status":"publish","type":"post","link":"https:\/\/www.cdu-herdringen.de\/?p=392","title":{"rendered":"CDU-Stadtverband l\u00e4dt ein zum Stadtparteitag"},"content":{"rendered":"<p>An die in Arnsberg zur Kommunalwahl<a href=\"http:\/\/www.cdu-herdringen.de\/wp-content\/uploads\/2018\/12\/cdu.jpg\"><img loading=\"lazy\" decoding=\"async\" class=\"alignright size-full wp-image-240\" src=\"http:\/\/www.cdu-herdringen.de\/wp-content\/uploads\/2018\/12\/cdu.jpg\" alt=\"\" width=\"225\" height=\"225\" srcset=\"https:\/\/www.cdu-herdringen.de\/wp-content\/uploads\/2018\/12\/cdu.jpg 225w, https:\/\/www.cdu-herdringen.de\/wp-content\/uploads\/2018\/12\/cdu-150x150.jpg 150w\" sizes=\"auto, (max-width: 225px) 100vw, 225px\" \/><\/a><br \/>\nwahlberechtigten CDU-Mitglieder<br \/>\nsowie an die Mitgliedes des<br \/>\nCDU-Stadtverbands Arnsberg<\/p>\n<p>Sehr geehrte Damen und Herren,<br \/>\nliebe Freundinnen und Freunde<\/p>\n<p>Auszug aus der Einladung:<\/p>\n<p>&#8222;die Parteien wirken an der Bildung des politischen Willens des Volkes auf allen Gebieten des \u00f6ffentlichen Lebens mit, indem sie u.a. zur \u00dcbernahme \u00f6ffentlicher Verantwortung bef\u00e4higte B\u00fcrger heranbilden und sich durch Aufstellung von Bewerbern an den Wahlen in Bund, L\u00e4ndern und Gemeinden beteiligen.<\/p>\n<p>Im Hinblick auf die Kommunalwahl in unserer Stadt am 13. Sept. 2020 lade ich Sie deshalb hiermit herzlich zu einer Mitgliederversammlung zur Aufstellung unserer Bewerber und auch von Ersatzbewerbern, f\u00fcr die Ratswahl sowie zu weiteren Wahlvorbereitungen ein:<\/p>\n<p><strong>Mittwoch, den 4. M\u00e4rz 2020, 19:30 Uhr<\/strong><br \/>\n<strong>in B\u00fcenfeld\u00b4s Restaurant &amp; Event (Siedlerheim Bergheim)<\/strong><br \/>\n<strong>Bachumer Weg 2, 59757 Arnsberg<br \/>\n<\/strong>&#8230;.<\/p>\n<p>In der Hoffnug auf Ihr zahlreiches Erscheinen verbleibe ich<br \/>\nmit freundlichen Gru\u00df<br \/>\n<strong><em>Peter Blume<\/em><\/strong><br \/>\nStadtverbandsvorsitzender &#8222;<\/p>\n","protected":false},"excerpt":{"rendered":"<p>An die in Arnsberg zur Kommunalwahl wahlberechtigten CDU-Mitglieder sowie an die Mitgliedes des CDU-Stadtverbands Arnsberg Sehr geehrte Damen und Herren, liebe Freundinnen und Freunde Auszug aus der Einladung: &#8222;die Parteien wirken an der Bildung des politischen Willens des Volkes auf &hellip; <a href=\"https:\/\/www.cdu-herdringen.de\/?p=392\">Weiterlesen <span class=\"meta-nav\">&rarr;<\/span><\/a><\/p>\n","protected":false},"author":2,"featured_media":0,"comment_status":"closed","ping_status":"closed","sticky":false,"template":"","format":"standard","meta":{"footnotes":""},"categories":[1],"tags":[],"class_list":["post-392","post","type-post","status-publish","format-standard","hentry","category-allgemein"],"_links":{"self":[{"href":"https:\/\/www.cdu-herdringen.de\/index.php?rest_route=\/wp\/v2\/posts\/392","targetHints":{"allow":["GET"]}}],"collection":[{"href":"https:\/\/www.cdu-herdringen.de\/index.php?rest_route=\/wp\/v2\/posts"}],"about":[{"href":"https:\/\/www.cdu-herdringen.de\/index.php?rest_route=\/wp\/v2\/types\/post"}],"author":[{"embeddable":true,"href":"https:\/\/www.cdu-herdringen.de\/index.php?rest_route=\/wp\/v2\/users\/2"}],"replies":[{"embeddable":true,"href":"https:\/\/www.cdu-herdringen.de\/index.php?rest_route=%2Fwp%2Fv2%2Fcomments&post=392"}],"version-history":[{"count":2,"href":"https:\/\/www.cdu-herdringen.de\/index.php?rest_route=\/wp\/v2\/posts\/392\/revisions"}],"predecessor-version":[{"id":394,"href":"https:\/\/www.cdu-herdringen.de\/index.php?rest_route=\/wp\/v2\/posts\/392\/revisions\/394"}],"wp:attachment":[{"href":"https:\/\/www.cdu-herdringen.de\/index.php?rest_route=%2Fwp%2Fv2%2Fmedia&parent=392"}],"wp:term":[{"taxonomy":"category","embeddable":true,"href":"https:\/\/www.cdu-herdringen.de\/index.php?rest_route=%2Fwp%2Fv2%2Fcategories&post=392"},{"taxonomy":"post_tag","embeddable":true,"href":"https:\/\/www.cdu-herdringen.de\/index.php?rest_route=%2Fwp%2Fv2%2Ftags&post=392"}],"curies":[{"name":"wp","href":"https:\/\/api.w.org\/{rel}","templated":true}]}}