{"id":2939,"date":"2024-11-11T18:02:06","date_gmt":"2024-11-11T17:02:06","guid":{"rendered":"https:\/\/www.cdu-herdringen.de\/?p=2939"},"modified":"2024-11-11T18:02:06","modified_gmt":"2024-11-11T17:02:06","slug":"einladung-zum-volkstrauertag-eine-info-des-vereinsringes","status":"publish","type":"post","link":"https:\/\/www.cdu-herdringen.de\/?p=2939","title":{"rendered":"Einladung zum Volkstrauertag &#8211; eine Info des Vereinsringes"},"content":{"rendered":"<div class=\"wp-block-image\">\n<figure class=\"aligncenter size-full\"><a href=\"http:\/\/www.cdu-herdringen.de\/wp-content\/uploads\/2024\/11\/Volkstrauertag.jpg\"><img loading=\"lazy\" decoding=\"async\" width=\"506\" height=\"403\" src=\"https:\/\/www.cdu-herdringen.de\/wp-content\/uploads\/2024\/11\/Volkstrauertag.jpg\" alt=\"\" class=\"wp-image-2938\" srcset=\"https:\/\/www.cdu-herdringen.de\/wp-content\/uploads\/2024\/11\/Volkstrauertag.jpg 506w, https:\/\/www.cdu-herdringen.de\/wp-content\/uploads\/2024\/11\/Volkstrauertag-300x239.jpg 300w, https:\/\/www.cdu-herdringen.de\/wp-content\/uploads\/2024\/11\/Volkstrauertag-377x300.jpg 377w\" sizes=\"auto, (max-width: 506px) 100vw, 506px\" \/><\/a><\/figure><\/div>\n\n\n<p>Uns erreichte die Einladung zum &#8222;Volkstrauertag&#8220; mit der Bitte um Weitergabe (Auszug).<br><br>&#8222;&#8230;\u00fcbersende ich Euch die Bekanntmachung zum diesj\u00e4hrigen\u00a0Volkstrauertag, nach alter Tradition eine\u00a0gemeinsame\u00a0Veranstaltung vom Bezirksausschuss Herdringen und dem Vereinsring Herdringen.<br>Bitte leitet den Flyer in Euren Gruppen weiter, damit Jede\u00a0und Jeder sich pers\u00f6nlich angesprochen f\u00fchlt und die M\u00f6glichkeit hat an der Gedenkfeier teilzunehmen.<br>Unser Ortsheimatpfleger, Elmar Strackbein, wird in diesem Jahr die Gedenkansprache halten&#8230;.<br><br>Uschi Westhoff<br>Vereinsring Herdringen<\/p>\n\n\n\n<p><\/p>\n","protected":false},"excerpt":{"rendered":"<p>Uns erreichte die Einladung zum &#8222;Volkstrauertag&#8220; mit der Bitte um Weitergabe (Auszug). &#8222;&#8230;\u00fcbersende ich Euch die Bekanntmachung zum diesj\u00e4hrigen\u00a0Volkstrauertag, nach alter Tradition eine\u00a0gemeinsame\u00a0Veranstaltung vom Bezirksausschuss Herdringen und dem Vereinsring Herdringen.Bitte leitet den Flyer in Euren Gruppen weiter, damit Jede\u00a0und Jeder &hellip; <a href=\"https:\/\/www.cdu-herdringen.de\/?p=2939\">Weiterlesen <span class=\"meta-nav\">&rarr;<\/span><\/a><\/p>\n","protected":false},"author":2,"featured_media":0,"comment_status":"closed","ping_status":"closed","sticky":false,"template":"","format":"standard","meta":{"footnotes":""},"categories":[1],"tags":[],"class_list":["post-2939","post","type-post","status-publish","format-standard","hentry","category-allgemein"],"_links":{"self":[{"href":"https:\/\/www.cdu-herdringen.de\/index.php?rest_route=\/wp\/v2\/posts\/2939","targetHints":{"allow":["GET"]}}],"collection":[{"href":"https:\/\/www.cdu-herdringen.de\/index.php?rest_route=\/wp\/v2\/posts"}],"about":[{"href":"https:\/\/www.cdu-herdringen.de\/index.php?rest_route=\/wp\/v2\/types\/post"}],"author":[{"embeddable":true,"href":"https:\/\/www.cdu-herdringen.de\/index.php?rest_route=\/wp\/v2\/users\/2"}],"replies":[{"embeddable":true,"href":"https:\/\/www.cdu-herdringen.de\/index.php?rest_route=%2Fwp%2Fv2%2Fcomments&post=2939"}],"version-history":[{"count":2,"href":"https:\/\/www.cdu-herdringen.de\/index.php?rest_route=\/wp\/v2\/posts\/2939\/revisions"}],"predecessor-version":[{"id":2941,"href":"https:\/\/www.cdu-herdringen.de\/index.php?rest_route=\/wp\/v2\/posts\/2939\/revisions\/2941"}],"wp:attachment":[{"href":"https:\/\/www.cdu-herdringen.de\/index.php?rest_route=%2Fwp%2Fv2%2Fmedia&parent=2939"}],"wp:term":[{"taxonomy":"category","embeddable":true,"href":"https:\/\/www.cdu-herdringen.de\/index.php?rest_route=%2Fwp%2Fv2%2Fcategories&post=2939"},{"taxonomy":"post_tag","embeddable":true,"href":"https:\/\/www.cdu-herdringen.de\/index.php?rest_route=%2Fwp%2Fv2%2Ftags&post=2939"}],"curies":[{"name":"wp","href":"https:\/\/api.w.org\/{rel}","templated":true}]}}