{"id":2590,"date":"2024-08-04T20:52:54","date_gmt":"2024-08-04T18:52:54","guid":{"rendered":"https:\/\/www.cdu-herdringen.de\/?p=2590"},"modified":"2024-08-09T09:53:23","modified_gmt":"2024-08-09T07:53:23","slug":"cdu-arnsberg-untestuetzt-thomas-grosche","status":"publish","type":"post","link":"https:\/\/www.cdu-herdringen.de\/?p=2590","title":{"rendered":"CDU Arnsberg untest\u00fctzt Thomas Grosche"},"content":{"rendered":"\n<figure class=\"wp-block-image size-full\"><a href=\"http:\/\/www.cdu-herdringen.de\/wp-content\/uploads\/2024\/08\/cdu-arnsberg-unterstuetzt-thomas-grosche-zur-Landatswahl-2025.jpg\"><img loading=\"lazy\" decoding=\"async\" width=\"791\" height=\"643\" src=\"http:\/\/www.cdu-herdringen.de\/wp-content\/uploads\/2024\/08\/cdu-arnsberg-unterstuetzt-thomas-grosche-zur-Landatswahl-2025.jpg\" alt=\"\" class=\"wp-image-2589\" srcset=\"https:\/\/www.cdu-herdringen.de\/wp-content\/uploads\/2024\/08\/cdu-arnsberg-unterstuetzt-thomas-grosche-zur-Landatswahl-2025.jpg 791w, https:\/\/www.cdu-herdringen.de\/wp-content\/uploads\/2024\/08\/cdu-arnsberg-unterstuetzt-thomas-grosche-zur-Landatswahl-2025-300x244.jpg 300w, https:\/\/www.cdu-herdringen.de\/wp-content\/uploads\/2024\/08\/cdu-arnsberg-unterstuetzt-thomas-grosche-zur-Landatswahl-2025-768x624.jpg 768w\" sizes=\"auto, (max-width: 791px) 100vw, 791px\" \/><\/a><\/figure>\n\n\n\n<p>Wir unterst\u00fctzen mit unseren <a href=\"https:\/\/www.facebook.com\/hashtag\/freunden?__eep__=6&amp;__cft__[0]=AZUaT6gNIMLgMJqzhmbzSJa48E4PA1EgtOPyKrk8HvudlIfE7FHMQUN9k5_WeijRO2jyrqefS21K3k1rZXEH1IVfjg6WooBr0xFh12D1pd0mUTBIL4CILNeaBMSNvy_FFhm7XzLBoBRGdPFkiSbQpYZyaEGUGgNhXvV3-Wvo6wmFuJ9w-ejVXp6MzVZQnO0W6UAWRg37AtAOgm2Xa-VQBQUNUss4TLD5WIvxXK6d2GOGvA&amp;__tn__=*NK*F\">#Freunden<\/a> der <a href=\"https:\/\/www.facebook.com\/CDUSundern?__cft__[0]=AZUaT6gNIMLgMJqzhmbzSJa48E4PA1EgtOPyKrk8HvudlIfE7FHMQUN9k5_WeijRO2jyrqefS21K3k1rZXEH1IVfjg6WooBr0xFh12D1pd0mUTBIL4CILNeaBMSNvy_FFhm7XzLBoBRGdPFkiSbQpYZyaEGUGgNhXvV3-Wvo6wmFuJ9w-ejVXp6MzVZQnO0W6UAWRg37AtAOgm2Xa-VQBQUNUss4TLD5WIvxXK6d2GOGvA&amp;__tn__=-]K*F\">CDU Sundern<\/a> die Kandidatur zum Landrat des <a href=\"https:\/\/www.facebook.com\/Hochsauerlandkreis?__cft__[0]=AZUaT6gNIMLgMJqzhmbzSJa48E4PA1EgtOPyKrk8HvudlIfE7FHMQUN9k5_WeijRO2jyrqefS21K3k1rZXEH1IVfjg6WooBr0xFh12D1pd0mUTBIL4CILNeaBMSNvy_FFhm7XzLBoBRGdPFkiSbQpYZyaEGUGgNhXvV3-Wvo6wmFuJ9w-ejVXp6MzVZQnO0W6UAWRg37AtAOgm2Xa-VQBQUNUss4TLD5WIvxXK6d2GOGvA&amp;__tn__=-]K*F\">Hochsauerlandkreis<\/a> von Medebachs B\u00fcrgermeister Thomas Grosche (Bild: 1. Reihe \/ Mitte). <br><br>Thomas Grosche ist ein starker Kandidat und wir sind \u00fcberzeugt, dass er alle notwendigen F\u00e4higkeiten f\u00fcr dieses wichtige Amt mitbringt. <br><br><strong>Hintergrund: <\/strong>Seit 2005 ist Dr. Karl Schneider aus Schmallenberg der Landrat des <a rel=\"noreferrer noopener\" href=\"https:\/\/www.wp.de\/meschede\/\" target=\"_blank\">Hochsauerlandkreises<\/a>. Im n\u00e4chsten Jahr nimmt er Abschied; er hatte bereits im vergangenen Sommer erkl\u00e4rt, nicht noch einmal zur Wiederwahl anzutreten. Die CDU hat sich jetzt auf die Kommunalwahl im Jahr 2025 vorbereitet. Der CDU-Kreisvorstand hat ein Verfahren beschlossen, wie die Partei eine neue Kandidatin oder einen neuen Kandidaten f\u00fcr das Amt aufstellen will. <\/p>\n\n\n\n<p>Das Ziel der CDU: Klarheit bis zum Herbst, damit etwa ein dreiviertel Jahr Zeit ist, um sich als potenzieller Landrat bekannt zu machen. <br><strong>Denn das letzte Wort haben die W\u00e4hlerinnen und W\u00e4hler im Hochsauerlandkreis<\/strong>, bei der Kommunalwahl in 2025.<\/p>\n","protected":false},"excerpt":{"rendered":"<p>Wir unterst\u00fctzen mit unseren #Freunden der CDU Sundern die Kandidatur zum Landrat des Hochsauerlandkreis von Medebachs B\u00fcrgermeister Thomas Grosche (Bild: 1. Reihe \/ Mitte). Thomas Grosche ist ein starker Kandidat und wir sind \u00fcberzeugt, dass er alle notwendigen F\u00e4higkeiten f\u00fcr &hellip; <a href=\"https:\/\/www.cdu-herdringen.de\/?p=2590\">Weiterlesen <span class=\"meta-nav\">&rarr;<\/span><\/a><\/p>\n","protected":false},"author":2,"featured_media":0,"comment_status":"closed","ping_status":"closed","sticky":false,"template":"","format":"standard","meta":{"footnotes":""},"categories":[1],"tags":[],"class_list":["post-2590","post","type-post","status-publish","format-standard","hentry","category-allgemein"],"_links":{"self":[{"href":"https:\/\/www.cdu-herdringen.de\/index.php?rest_route=\/wp\/v2\/posts\/2590","targetHints":{"allow":["GET"]}}],"collection":[{"href":"https:\/\/www.cdu-herdringen.de\/index.php?rest_route=\/wp\/v2\/posts"}],"about":[{"href":"https:\/\/www.cdu-herdringen.de\/index.php?rest_route=\/wp\/v2\/types\/post"}],"author":[{"embeddable":true,"href":"https:\/\/www.cdu-herdringen.de\/index.php?rest_route=\/wp\/v2\/users\/2"}],"replies":[{"embeddable":true,"href":"https:\/\/www.cdu-herdringen.de\/index.php?rest_route=%2Fwp%2Fv2%2Fcomments&post=2590"}],"version-history":[{"count":5,"href":"https:\/\/www.cdu-herdringen.de\/index.php?rest_route=\/wp\/v2\/posts\/2590\/revisions"}],"predecessor-version":[{"id":2611,"href":"https:\/\/www.cdu-herdringen.de\/index.php?rest_route=\/wp\/v2\/posts\/2590\/revisions\/2611"}],"wp:attachment":[{"href":"https:\/\/www.cdu-herdringen.de\/index.php?rest_route=%2Fwp%2Fv2%2Fmedia&parent=2590"}],"wp:term":[{"taxonomy":"category","embeddable":true,"href":"https:\/\/www.cdu-herdringen.de\/index.php?rest_route=%2Fwp%2Fv2%2Fcategories&post=2590"},{"taxonomy":"post_tag","embeddable":true,"href":"https:\/\/www.cdu-herdringen.de\/index.php?rest_route=%2Fwp%2Fv2%2Ftags&post=2590"}],"curies":[{"name":"wp","href":"https:\/\/api.w.org\/{rel}","templated":true}]}}