{"id":2366,"date":"2024-04-18T10:54:01","date_gmt":"2024-04-18T08:54:01","guid":{"rendered":"https:\/\/www.cdu-herdringen.de\/?p=2366"},"modified":"2024-04-18T13:21:14","modified_gmt":"2024-04-18T11:21:14","slug":"nachgefragt-30-km-zone-ortsdurchfahrt-herdringen","status":"publish","type":"post","link":"https:\/\/www.cdu-herdringen.de\/?p=2366","title":{"rendered":"Nachgefragt: &#8222;Tempo 30&#8220; &#8211; Ortsdurchfahrt Herdringen"},"content":{"rendered":"\n<figure class=\"wp-block-image size-large is-resized\"><a href=\"http:\/\/www.cdu-herdringen.de\/wp-content\/uploads\/2023\/01\/Vor-Ort-Gespraech-mit-BGM-30-Zone-27.01.2023-1-scaled.jpeg\"><img loading=\"lazy\" decoding=\"async\" src=\"http:\/\/www.cdu-herdringen.de\/wp-content\/uploads\/2023\/01\/Vor-Ort-Gespraech-mit-BGM-30-Zone-27.01.2023-1-1024x768.jpeg\" alt=\"\" class=\"wp-image-1633\" width=\"768\" height=\"576\" srcset=\"https:\/\/www.cdu-herdringen.de\/wp-content\/uploads\/2023\/01\/Vor-Ort-Gespraech-mit-BGM-30-Zone-27.01.2023-1-1024x768.jpeg 1024w, https:\/\/www.cdu-herdringen.de\/wp-content\/uploads\/2023\/01\/Vor-Ort-Gespraech-mit-BGM-30-Zone-27.01.2023-1-300x225.jpeg 300w, https:\/\/www.cdu-herdringen.de\/wp-content\/uploads\/2023\/01\/Vor-Ort-Gespraech-mit-BGM-30-Zone-27.01.2023-1-768x576.jpeg 768w, https:\/\/www.cdu-herdringen.de\/wp-content\/uploads\/2023\/01\/Vor-Ort-Gespraech-mit-BGM-30-Zone-27.01.2023-1-1536x1152.jpeg 1536w, https:\/\/www.cdu-herdringen.de\/wp-content\/uploads\/2023\/01\/Vor-Ort-Gespraech-mit-BGM-30-Zone-27.01.2023-1-2048x1536.jpeg 2048w\" sizes=\"auto, (max-width: 768px) 100vw, 768px\" \/><\/a><figcaption class=\"wp-element-caption\">B\u00fcrgertreff des Herdringer Bezirksausschusses zum Thema &#8222;Tempo 30&#8220; Ortsdurchfahrt am 27.01.2023<\/figcaption><\/figure>\n\n\n<div class=\"wp-block-image\">\n<figure class=\"alignright size-full is-resized\"><a href=\"http:\/\/www.cdu-herdringen.de\/wp-content\/uploads\/2024\/04\/nachgefragt.jpg\"><img loading=\"lazy\" decoding=\"async\" src=\"http:\/\/www.cdu-herdringen.de\/wp-content\/uploads\/2024\/04\/nachgefragt.jpg\" alt=\"\" class=\"wp-image-2354\" width=\"207\" height=\"207\" srcset=\"https:\/\/www.cdu-herdringen.de\/wp-content\/uploads\/2024\/04\/nachgefragt.jpg 827w, https:\/\/www.cdu-herdringen.de\/wp-content\/uploads\/2024\/04\/nachgefragt-300x300.jpg 300w, https:\/\/www.cdu-herdringen.de\/wp-content\/uploads\/2024\/04\/nachgefragt-150x150.jpg 150w, https:\/\/www.cdu-herdringen.de\/wp-content\/uploads\/2024\/04\/nachgefragt-768x768.jpg 768w\" sizes=\"auto, (max-width: 207px) 100vw, 207px\" \/><\/a><\/figure><\/div>\n\n\n<p><\/p>\n\n\n\n<p><\/p>\n\n\n\n<p>per E-Mail an den B\u00fcrgermeister<br>Mittwoch, 17. April 2024 um 16:56:41 MESZ<\/p>\n\n\n\n<p><strong>Betreff:<\/strong> Anordnung von verkehrsrechtlichen Ma\u00dfnahmen in der Ortsdurchfahrt von Herdringen (L544)<\/p>\n\n\n\n<p>Sehr geehrter Herr B\u00fcrgermeister Bittner, lieber Ralf!<\/p>\n\n\n\n<p>Ich m\u00f6chte mich hiermit noch einmal in Erinnerung bringen im Hinblick auf unsere diversen Gespr\u00e4che bzgl. der verkehrsrechtlichen Ma\u00dfnahmen in der Ortsdurchfahrt Herdringen.<\/p>\n\n\n\n<p>Unser angepasstes Ziel, nach Ihrem Besuch vor Ort in Herdringen am 27.01.2023, war ja zumindest den 3. Fu\u00dfg\u00e4nger\u00fcberweg, vor der Kreuzung Wiedmannsweg, Stumpfstrasse-Oelinghauser Weg dahingehend mit einzubeziehen, dass auch hier grunds\u00e4tzlich (beidseitig) Tempo 30 gelten sollte. (auch f\u00fcr Fahrzeuge \u00fcber 7,5 Tonnen.)<\/p>\n\n\n\n<p>Wir hatten seinerzeit wie vereinbart, starke Argumente zusammen getragen, damit Ihre Mitarbeiter noch einmal das Gespr\u00e4ch mit Stra\u00dfen NRW diesbez\u00fcglich aufnehmen k\u00f6nnten und sollten.<\/p>\n\n\n\n<p>Ich f\u00fcge hierzu meine Mail vom 02.02.2023 noch einmal an. Nun ist mir nat\u00fcrlich auch bekannt, dass das Ansinnen &#8222;die Hoheit zur Festlegung von H\u00f6chstgeschwindigkeiten in Ortsdurchfahrten auf die Kommunen zu legen&#8220;, zun\u00e4chst gescheitert ist.<\/p>\n\n\n\n<p><br>Dennoch denke ich dass bei so einem stark frequentieren \u00dcbergang unbedingt (unabh\u00e4ngig von der o.a. Entscheidung) durch Ihre Mitarbeiter das Gespr\u00e4ch mit Stra\u00dfen NRW noch einmal gesucht werden sollte, um im Sinne der Verkehrssicherheit diese L\u00f6sung zu vereinbaren.<\/p>\n\n\n\n<p>Die B\u00fcrger im Dorf insbesondere die Eltern mit schulpflichtigen Kindern w\u00fcrden sich sehr freuen. Ich w\u00e4re sehr dankbar, wenn Sie sich hier pers\u00f6nlich noch einmal einbringen w\u00fcrden<br>und freue mich auf Ihre R\u00fcckantwort.<\/p>\n\n\n\n<p>Mit besten Gr\u00fc\u00dfen<\/p>\n\n\n\n<p><strong>Richard Eickel<\/strong><\/p>\n\n\n\n<p>Ratsmitglied Stadt Arnsberg<br>CDU OV Herdringen<br><br>Historie<br>Einladung: <a rel=\"noreferrer noopener\" href=\"https:\/\/www.cdu-herdringen.de\/?p=1574\" target=\"_blank\">https:\/\/www.cdu-herdringen.de\/?p=1574<\/a><br>Berichterstattung CDU Herdringen: <a rel=\"noreferrer noopener\" href=\"https:\/\/www.cdu-herdringen.de\/?p=1625\" data-type=\"URL\" data-id=\"https:\/\/www.cdu-herdringen.de\/?p=1625\" target=\"_blank\">https:\/\/www.cdu-herdringen.de\/?p=1625<\/a><\/p>\n","protected":false},"excerpt":{"rendered":"<p>per E-Mail an den B\u00fcrgermeisterMittwoch, 17. April 2024 um 16:56:41 MESZ Betreff: Anordnung von verkehrsrechtlichen Ma\u00dfnahmen in der Ortsdurchfahrt von Herdringen (L544) Sehr geehrter Herr B\u00fcrgermeister Bittner, lieber Ralf! Ich m\u00f6chte mich hiermit noch einmal in Erinnerung bringen im Hinblick &hellip; <a href=\"https:\/\/www.cdu-herdringen.de\/?p=2366\">Weiterlesen <span class=\"meta-nav\">&rarr;<\/span><\/a><\/p>\n","protected":false},"author":2,"featured_media":0,"comment_status":"closed","ping_status":"closed","sticky":false,"template":"","format":"standard","meta":{"footnotes":""},"categories":[1,11],"tags":[],"class_list":["post-2366","post","type-post","status-publish","format-standard","hentry","category-allgemein","category-cdu-fragt-nach"],"_links":{"self":[{"href":"https:\/\/www.cdu-herdringen.de\/index.php?rest_route=\/wp\/v2\/posts\/2366","targetHints":{"allow":["GET"]}}],"collection":[{"href":"https:\/\/www.cdu-herdringen.de\/index.php?rest_route=\/wp\/v2\/posts"}],"about":[{"href":"https:\/\/www.cdu-herdringen.de\/index.php?rest_route=\/wp\/v2\/types\/post"}],"author":[{"embeddable":true,"href":"https:\/\/www.cdu-herdringen.de\/index.php?rest_route=\/wp\/v2\/users\/2"}],"replies":[{"embeddable":true,"href":"https:\/\/www.cdu-herdringen.de\/index.php?rest_route=%2Fwp%2Fv2%2Fcomments&post=2366"}],"version-history":[{"count":7,"href":"https:\/\/www.cdu-herdringen.de\/index.php?rest_route=\/wp\/v2\/posts\/2366\/revisions"}],"predecessor-version":[{"id":2375,"href":"https:\/\/www.cdu-herdringen.de\/index.php?rest_route=\/wp\/v2\/posts\/2366\/revisions\/2375"}],"wp:attachment":[{"href":"https:\/\/www.cdu-herdringen.de\/index.php?rest_route=%2Fwp%2Fv2%2Fmedia&parent=2366"}],"wp:term":[{"taxonomy":"category","embeddable":true,"href":"https:\/\/www.cdu-herdringen.de\/index.php?rest_route=%2Fwp%2Fv2%2Fcategories&post=2366"},{"taxonomy":"post_tag","embeddable":true,"href":"https:\/\/www.cdu-herdringen.de\/index.php?rest_route=%2Fwp%2Fv2%2Ftags&post=2366"}],"curies":[{"name":"wp","href":"https:\/\/api.w.org\/{rel}","templated":true}]}}