{"id":2281,"date":"2024-03-22T20:42:24","date_gmt":"2024-03-22T19:42:24","guid":{"rendered":"https:\/\/www.cdu-herdringen.de\/?p=2281"},"modified":"2024-03-23T11:34:37","modified_gmt":"2024-03-23T10:34:37","slug":"cdu-herdringen-auf-wachstumskurs","status":"publish","type":"post","link":"https:\/\/www.cdu-herdringen.de\/?p=2281","title":{"rendered":"CDU Herdringen freut sich \u00fcber Mitgliederzuwachs!"},"content":{"rendered":"<div class=\"wp-block-image\">\n<figure class=\"alignright size-large is-resized\"><a href=\"http:\/\/www.cdu-herdringen.de\/wp-content\/uploads\/2024\/03\/CDU-Herdringen-Leitungsteam-gratuliert-Jubilar.jpg\"><img loading=\"lazy\" decoding=\"async\" src=\"http:\/\/www.cdu-herdringen.de\/wp-content\/uploads\/2024\/03\/CDU-Herdringen-Leitungsteam-gratuliert-Jubilar-1024x681.jpg\" alt=\"\" class=\"wp-image-2307\" width=\"512\" height=\"341\" srcset=\"https:\/\/www.cdu-herdringen.de\/wp-content\/uploads\/2024\/03\/CDU-Herdringen-Leitungsteam-gratuliert-Jubilar-1024x681.jpg 1024w, https:\/\/www.cdu-herdringen.de\/wp-content\/uploads\/2024\/03\/CDU-Herdringen-Leitungsteam-gratuliert-Jubilar-300x200.jpg 300w, https:\/\/www.cdu-herdringen.de\/wp-content\/uploads\/2024\/03\/CDU-Herdringen-Leitungsteam-gratuliert-Jubilar-768x511.jpg 768w, https:\/\/www.cdu-herdringen.de\/wp-content\/uploads\/2024\/03\/CDU-Herdringen-Leitungsteam-gratuliert-Jubilar-1536x1022.jpg 1536w, https:\/\/www.cdu-herdringen.de\/wp-content\/uploads\/2024\/03\/CDU-Herdringen-Leitungsteam-gratuliert-Jubilar-2048x1363.jpg 2048w\" sizes=\"auto, (max-width: 512px) 100vw, 512px\" \/><\/a><figcaption class=\"wp-element-caption\">Leitungsteam_gratuliert_Jubilar: <br>Richard Eickel, Jubilar Franz-Josef Gerwin, Marion Arns, Franz-Josef Pater (v.l.)<\/figcaption><\/figure><\/div>\n\n\n<p>Kurzbericht:<br><strong>Herdringen.<\/strong> \u201eIn den letzten Monaten konnten wir unseren Mitgliederbestand \u00fcber 25 Prozent steigern\u201c so Schatzmeisterin Marion Arns. <br><br>Am Mittwochabend (20.03.2024) traf sich die Herdringer CDU, im Gasthof \u201eZur Alten Post\u201c, zur Mitgliederversammlung mit Wahlen.<\/p>\n\n\n\n<p>Die Tagesordnung beinhaltete neben den Wahlen auch Berichte, Jubilarehrung und im Anschluss einen besonderen Gast: Dr. Peter Liese MdEP, Europaabgeordneter und NRW-Spitzenkandidat.<br><br>Die Wahlen zu allen Funktionen im Vorstand waren erfolgreich.&nbsp;<br>Neben Marion Arns und Franz-Josef Pater wurde Richard Eickel als Sprecher des Leitungsteams wiedergew\u00e4hlt. Er betonte: \u201cdurch die Kontinuit\u00e4t und Kompetenz der Personen insgesamt im Vorstand&nbsp; besteht&nbsp; die M\u00f6glichkeit mit vielen Ansprechpartnern \u2013 vor Ort \u2013 zur Verf\u00fcgung zu stehen!\u201c <br><br>Ausgezeichnet wurde f\u00fcr 50-j\u00e4hrige Mitgliedschaft: <strong>Franz-Josef Gerwin<\/strong>. Er kommentierte seine Ehrung humorvoll mit der Aussage \u201eEs lohnt sich dabei zu sein!\u201c Damit meinte er nicht ausschlie\u00dflich die kleinen Geschenke wie Wein, Schokolade und die goldene Anstecknadel.<br><br><strong>Dr. Peter Liese<\/strong> MdEP begr\u00fc\u00dfte im Anschluss der Mitgliederversammlung die Herdringen Mitglieder und G\u00e4ste aus dem Arnsberger Stadtgebiet.<br>Im Rahmen einer erweiterten Runde wurde mit den G\u00e4sten: Herrn Johannes P\u00f6ttering (NRW-Unternehmerverband) Frau Gisela Wilms (Arnsberger Bewegung \u201eArnsberg ist bunt statt braun\u201c) und Elmar Schulte (Mescheder B\u00fcndnis f\u00fcr Demokratie und Solidarit\u00e4t e.V.)&nbsp; \u00fcber die Problematik von Rechtsextremismus als Gefahr f\u00fcr die Demokratie diskutiert.<br><br>Insgesamt eine interessante, umf\u00e4ngliche Veranstaltung im Arnsberger Ortsteil Herdringen<br><br>Detailinformationen:<br>Einladung \/ Tagesordnung:<br><a rel=\"noreferrer noopener\" href=\"http:\/\/www.cdu-herdringen.de\/wp-content\/uploads\/2024\/03\/Einladung-Tagesordnung-20.03.2024.pdf\" data-type=\"URL\" data-id=\"http:\/\/www.cdu-herdringen.de\/wp-content\/uploads\/2024\/03\/Einladung-Tagesordnung-20.03.2024.pdf\" target=\"_blank\">http:\/\/www.cdu-herdringen.de\/wp-content\/uploads\/2024\/03\/Einladung-Tagesordnung-20.03.2024.pdf<\/a><br>Bericht des Leitungsteams (Auszug):<br><a rel=\"noreferrer noopener\" href=\"http:\/\/www.cdu-herdringen.de\/wp-content\/uploads\/2024\/03\/Bericht-Leitungsteam.pdf\" data-type=\"URL\" data-id=\"http:\/\/www.cdu-herdringen.de\/wp-content\/uploads\/2024\/03\/Bericht-Leitungsteam.pdf\" target=\"_blank\">http:\/\/www.cdu-herdringen.de\/wp-content\/uploads\/2024\/03\/Bericht-Leitungsteam.pdf<\/a><br>Wahlen &#8211; Ergebnisse<br><a rel=\"noreferrer noopener\" href=\"http:\/\/www.cdu-herdringen.de\/wp-content\/uploads\/2024\/03\/Wahlen.pdf\" data-type=\"URL\" data-id=\"http:\/\/www.cdu-herdringen.de\/wp-content\/uploads\/2024\/03\/Wahlen.pdf\" target=\"_blank\">http:\/\/www.cdu-herdringen.de\/wp-content\/uploads\/2024\/03\/Wahlen.pdf<\/a><\/p>\n\n\n\n<p><\/p>\n\n\n\n<p><\/p>\n\n\n\n<p><\/p>\n\n\n\n<p><\/p>\n\n\n\n<p><\/p>\n\n\n\n<p><\/p>\n\n\n\n<p><\/p>\n\n\n\n<p><\/p>\n\n\n\n<p><\/p>\n\n\n\n<p><\/p>\n\n\n\n<p><br><br><\/p>\n","protected":false},"excerpt":{"rendered":"<p>Kurzbericht:Herdringen. \u201eIn den letzten Monaten konnten wir unseren Mitgliederbestand \u00fcber 25 Prozent steigern\u201c so Schatzmeisterin Marion Arns. Am Mittwochabend (20.03.2024) traf sich die Herdringer CDU, im Gasthof \u201eZur Alten Post\u201c, zur Mitgliederversammlung mit Wahlen. Die Tagesordnung beinhaltete neben den Wahlen &hellip; <a href=\"https:\/\/www.cdu-herdringen.de\/?p=2281\">Weiterlesen <span class=\"meta-nav\">&rarr;<\/span><\/a><\/p>\n","protected":false},"author":2,"featured_media":0,"comment_status":"closed","ping_status":"closed","sticky":false,"template":"","format":"standard","meta":{"footnotes":""},"categories":[1],"tags":[],"class_list":["post-2281","post","type-post","status-publish","format-standard","hentry","category-allgemein"],"_links":{"self":[{"href":"https:\/\/www.cdu-herdringen.de\/index.php?rest_route=\/wp\/v2\/posts\/2281","targetHints":{"allow":["GET"]}}],"collection":[{"href":"https:\/\/www.cdu-herdringen.de\/index.php?rest_route=\/wp\/v2\/posts"}],"about":[{"href":"https:\/\/www.cdu-herdringen.de\/index.php?rest_route=\/wp\/v2\/types\/post"}],"author":[{"embeddable":true,"href":"https:\/\/www.cdu-herdringen.de\/index.php?rest_route=\/wp\/v2\/users\/2"}],"replies":[{"embeddable":true,"href":"https:\/\/www.cdu-herdringen.de\/index.php?rest_route=%2Fwp%2Fv2%2Fcomments&post=2281"}],"version-history":[{"count":15,"href":"https:\/\/www.cdu-herdringen.de\/index.php?rest_route=\/wp\/v2\/posts\/2281\/revisions"}],"predecessor-version":[{"id":2317,"href":"https:\/\/www.cdu-herdringen.de\/index.php?rest_route=\/wp\/v2\/posts\/2281\/revisions\/2317"}],"wp:attachment":[{"href":"https:\/\/www.cdu-herdringen.de\/index.php?rest_route=%2Fwp%2Fv2%2Fmedia&parent=2281"}],"wp:term":[{"taxonomy":"category","embeddable":true,"href":"https:\/\/www.cdu-herdringen.de\/index.php?rest_route=%2Fwp%2Fv2%2Fcategories&post=2281"},{"taxonomy":"post_tag","embeddable":true,"href":"https:\/\/www.cdu-herdringen.de\/index.php?rest_route=%2Fwp%2Fv2%2Ftags&post=2281"}],"curies":[{"name":"wp","href":"https:\/\/api.w.org\/{rel}","templated":true}]}}