{"id":2272,"date":"2024-03-10T20:27:33","date_gmt":"2024-03-10T19:27:33","guid":{"rendered":"https:\/\/www.cdu-herdringen.de\/?p=2272"},"modified":"2024-03-10T20:27:33","modified_gmt":"2024-03-10T19:27:33","slug":"dr-peter-liese-in-herdringen-einladung","status":"publish","type":"post","link":"https:\/\/www.cdu-herdringen.de\/?p=2272","title":{"rendered":"Dr. Peter Liese in Herdringen! Einladung"},"content":{"rendered":"<div class=\"wp-block-image\">\n<figure class=\"alignright size-full\"><a href=\"http:\/\/www.cdu-herdringen.de\/wp-content\/uploads\/2024\/03\/Dr.-Peter-Liese-MdEP.jpg\"><img loading=\"lazy\" decoding=\"async\" width=\"225\" height=\"225\" src=\"http:\/\/www.cdu-herdringen.de\/wp-content\/uploads\/2024\/03\/Dr.-Peter-Liese-MdEP.jpg\" alt=\"\" class=\"wp-image-2271\" srcset=\"https:\/\/www.cdu-herdringen.de\/wp-content\/uploads\/2024\/03\/Dr.-Peter-Liese-MdEP.jpg 225w, https:\/\/www.cdu-herdringen.de\/wp-content\/uploads\/2024\/03\/Dr.-Peter-Liese-MdEP-150x150.jpg 150w\" sizes=\"auto, (max-width: 225px) 100vw, 225px\" \/><\/a><figcaption class=\"wp-element-caption\">Dr._Peter_Liese_MdEP<\/figcaption><\/figure><\/div>\n\n\n<p><strong>CDU &#8211; Stadtverband Arnsberg:<\/strong><br><br>Einladung zur Veranstaltung<br><strong>\u201eF\u00fcr unsere Demokratie, gegen Rechtsextremismus, f\u00fcr Europa\u201c<\/strong><br>-vor Ort und hybrid- bitte an Interessierte weiterleiten!<br><br>Sehr geehrte Damen und Herren,<br>liebe Freundinnen und Freunde,<br><br>wir laden Sie herzlich zu einer Veranstaltung des CDU-Stadtverbandes Arnsberg mit Dr. Peter Liese, unserem heimischen Europaabgeordneten f\u00fcr S\u00fcdwestfalen sowie weiteren Experten ein. Es geht um die Gefahr durch Rechtsextremismus und die Verteidigung unserer Demokratie. Aber auch um unser gemeinsames Haus Europa, dass von den Rechtsextremen bedroht wird. Dies wurde bei vielen Demonstrationen in unserer Region deutlich.<br><br>Als Experte aus der Wirtschaft wird <strong>Johannes P\u00f6ttering<\/strong>, Hauptgesch\u00e4ftsf\u00fchrer unternehmer nrw, digital sowie die Arnsbergerinnen <strong>Gisela Wilms und Deborah Flues<\/strong> von der Bewegung \u201eArnsberg ist bunt statt braun\u201c und <strong>Elmar Schulte<\/strong> vom \u201eMescheder B\u00fcndnis f\u00fcr Demokratie und Solidarit\u00e4t e.V.\u201c vor Ort \u00fcber Ihre Erfahrungen berichten, die sich wie so viele weitere Mitstreiterinnen und Mitstreiter in unz\u00e4hligen Aktionen an Informationsst\u00e4nden und auch auf Demonstrationen f\u00fcr die Demokratie in Arnsberg und Meschede eingesetzt haben. Wir freuen uns auf ihre Berichte und einen guten Austausch mit allen interessierten Teilnehmern und G\u00e4sten.<br><br>Zu einem gemeinsamen Austausch laden wir deshalb sehr herzlich ein f\u00fcr:<br><strong>Mittwoch, den 20. M\u00e4rz 2024, um 19:30 Uhr<br>Gastst\u00e4tte Zur Alten Post, Kreuzstra\u00dfe 1, 59757 Arnsberg (Herdringen)<\/strong><br>Wichtig: Aufgrund der begrenzten Teilnehmerzahl bitten wir um eine verbindliche Anmeldung f\u00fcr die Veranstaltung vor Ort an <strong>Stadtverband@cdu-arnsberg.de<\/strong> bis zum 18. M\u00e4rz.<br><br>Anmeldedaten Zoom-Meeting:<br>https:\/\/us06web.zoom.us\/j\/81814778653<br>Meeting-ID: 818 1477 8653<br>Schnelleinwahl mobil +496971049922,,81814778653#<br><br>Mit freundlichen Gr\u00fc\u00dfen<br>gez. <strong>Dr. Marcel Kaiser<\/strong> und  <strong>Dr. Peter Liese<\/strong><br>Stadtverbandsvorsitzender  \/ Europaabgeordneter<\/p>\n","protected":false},"excerpt":{"rendered":"<p>CDU &#8211; Stadtverband Arnsberg: Einladung zur Veranstaltung\u201eF\u00fcr unsere Demokratie, gegen Rechtsextremismus, f\u00fcr Europa\u201c-vor Ort und hybrid- bitte an Interessierte weiterleiten! Sehr geehrte Damen und Herren,liebe Freundinnen und Freunde, wir laden Sie herzlich zu einer Veranstaltung des CDU-Stadtverbandes Arnsberg mit Dr. &hellip; <a href=\"https:\/\/www.cdu-herdringen.de\/?p=2272\">Weiterlesen <span class=\"meta-nav\">&rarr;<\/span><\/a><\/p>\n","protected":false},"author":2,"featured_media":0,"comment_status":"closed","ping_status":"closed","sticky":false,"template":"","format":"standard","meta":{"footnotes":""},"categories":[1],"tags":[],"class_list":["post-2272","post","type-post","status-publish","format-standard","hentry","category-allgemein"],"_links":{"self":[{"href":"https:\/\/www.cdu-herdringen.de\/index.php?rest_route=\/wp\/v2\/posts\/2272","targetHints":{"allow":["GET"]}}],"collection":[{"href":"https:\/\/www.cdu-herdringen.de\/index.php?rest_route=\/wp\/v2\/posts"}],"about":[{"href":"https:\/\/www.cdu-herdringen.de\/index.php?rest_route=\/wp\/v2\/types\/post"}],"author":[{"embeddable":true,"href":"https:\/\/www.cdu-herdringen.de\/index.php?rest_route=\/wp\/v2\/users\/2"}],"replies":[{"embeddable":true,"href":"https:\/\/www.cdu-herdringen.de\/index.php?rest_route=%2Fwp%2Fv2%2Fcomments&post=2272"}],"version-history":[{"count":5,"href":"https:\/\/www.cdu-herdringen.de\/index.php?rest_route=\/wp\/v2\/posts\/2272\/revisions"}],"predecessor-version":[{"id":2277,"href":"https:\/\/www.cdu-herdringen.de\/index.php?rest_route=\/wp\/v2\/posts\/2272\/revisions\/2277"}],"wp:attachment":[{"href":"https:\/\/www.cdu-herdringen.de\/index.php?rest_route=%2Fwp%2Fv2%2Fmedia&parent=2272"}],"wp:term":[{"taxonomy":"category","embeddable":true,"href":"https:\/\/www.cdu-herdringen.de\/index.php?rest_route=%2Fwp%2Fv2%2Fcategories&post=2272"},{"taxonomy":"post_tag","embeddable":true,"href":"https:\/\/www.cdu-herdringen.de\/index.php?rest_route=%2Fwp%2Fv2%2Ftags&post=2272"}],"curies":[{"name":"wp","href":"https:\/\/api.w.org\/{rel}","templated":true}]}}