{"id":179,"date":"2014-05-16T21:22:49","date_gmt":"2014-05-16T19:22:49","guid":{"rendered":"http:\/\/www.cdu-herdringen.de\/?p=179"},"modified":"2017-11-16T22:42:34","modified_gmt":"2017-11-16T21:42:34","slug":"179","status":"publish","type":"post","link":"https:\/\/www.cdu-herdringen.de\/?p=179","title":{"rendered":"CDU Herdringen mit neuem Leitungsteam"},"content":{"rendered":"<p style=\"text-align: left;\"><a href=\"http:\/\/www.cdu-herdringen.de\/wp-content\/uploads\/2017\/11\/20140516-Leitungsteam.jpg\"><img loading=\"lazy\" decoding=\"async\" class=\"size-medium wp-image-180 alignright\" src=\"http:\/\/www.cdu-herdringen.de\/wp-content\/uploads\/2017\/11\/20140516-Leitungsteam-300x219.jpg\" alt=\"\" width=\"300\" height=\"219\" srcset=\"https:\/\/www.cdu-herdringen.de\/wp-content\/uploads\/2017\/11\/20140516-Leitungsteam-300x219.jpg 300w, https:\/\/www.cdu-herdringen.de\/wp-content\/uploads\/2017\/11\/20140516-Leitungsteam-768x560.jpg 768w, https:\/\/www.cdu-herdringen.de\/wp-content\/uploads\/2017\/11\/20140516-Leitungsteam-1024x747.jpg 1024w, https:\/\/www.cdu-herdringen.de\/wp-content\/uploads\/2017\/11\/20140516-Leitungsteam.jpg 1200w\" sizes=\"auto, (max-width: 300px) 100vw, 300px\" \/><\/a>Nach mehr als 20-j\u00e4hriger erfolgreicher Vorstandsarbeit hat Karl-Heinz Sendt sein Amt als CDU-Vorsitzender in Herdringen in j\u00fcngere H\u00e4nde gelegt. Er wurde in der letzten Generalversammlung mit gro\u00dfem Dank und einem Pr\u00e4sent verabschiedet. Er versprach, auch in Zukunft mit Rat und Tat zur Verf\u00fcgung zu stehen und sich in die Parteiarbeit einzubringen. Der Ortsverband hat keinen Nachfolger gew\u00e4hlt, sondern sich daf\u00fcr entschieden, seine F\u00fchrung durch ein Leitungsteam zu organisieren, um sich so schlagkr\u00e4ftiger und effektiver darstellen zu k\u00f6nnen. Das Team besteht aus drei Personen:<\/p>\n<ul>\n<li>Marion Arns<\/li>\n<li>G\u00fcnter Eickel<\/li>\n<li>Franz-Josef Pater<\/li>\n<\/ul>\n<p>Alle haben bereits seit vielen Jahren Vorstandsarbeit geleistet und verf\u00fcgen unter anderem als sachkundige B\u00fcrger in verschiedenen Gremien \u00fcber gro\u00dfe politische Erfahrung. Alle sind gestandene Herdringer. Sie stehen f\u00fcr die Zukunft der Gemeinde. Sie unterst\u00fctzen den langj\u00e4hrigen CDU-Stadtrat Micheal Br\u00fcne und gehen davon aus, dass die CDU in Herdringen auch in den kommenden Jahren die f\u00fchrende Kraft bleiben wird.<\/p>\n","protected":false},"excerpt":{"rendered":"<p>Nach mehr als 20-j\u00e4hriger erfolgreicher Vorstandsarbeit hat Karl-Heinz Sendt sein Amt als CDU-Vorsitzender in Herdringen in j\u00fcngere H\u00e4nde gelegt. Er wurde in der letzten Generalversammlung mit gro\u00dfem Dank und einem Pr\u00e4sent verabschiedet. Er versprach, auch in Zukunft mit Rat und &hellip; <a href=\"https:\/\/www.cdu-herdringen.de\/?p=179\">Weiterlesen <span class=\"meta-nav\">&rarr;<\/span><\/a><\/p>\n","protected":false},"author":1,"featured_media":0,"comment_status":"open","ping_status":"open","sticky":false,"template":"","format":"standard","meta":{"footnotes":""},"categories":[1],"tags":[],"class_list":["post-179","post","type-post","status-publish","format-standard","hentry","category-allgemein"],"_links":{"self":[{"href":"https:\/\/www.cdu-herdringen.de\/index.php?rest_route=\/wp\/v2\/posts\/179","targetHints":{"allow":["GET"]}}],"collection":[{"href":"https:\/\/www.cdu-herdringen.de\/index.php?rest_route=\/wp\/v2\/posts"}],"about":[{"href":"https:\/\/www.cdu-herdringen.de\/index.php?rest_route=\/wp\/v2\/types\/post"}],"author":[{"embeddable":true,"href":"https:\/\/www.cdu-herdringen.de\/index.php?rest_route=\/wp\/v2\/users\/1"}],"replies":[{"embeddable":true,"href":"https:\/\/www.cdu-herdringen.de\/index.php?rest_route=%2Fwp%2Fv2%2Fcomments&post=179"}],"version-history":[{"count":4,"href":"https:\/\/www.cdu-herdringen.de\/index.php?rest_route=\/wp\/v2\/posts\/179\/revisions"}],"predecessor-version":[{"id":184,"href":"https:\/\/www.cdu-herdringen.de\/index.php?rest_route=\/wp\/v2\/posts\/179\/revisions\/184"}],"wp:attachment":[{"href":"https:\/\/www.cdu-herdringen.de\/index.php?rest_route=%2Fwp%2Fv2%2Fmedia&parent=179"}],"wp:term":[{"taxonomy":"category","embeddable":true,"href":"https:\/\/www.cdu-herdringen.de\/index.php?rest_route=%2Fwp%2Fv2%2Fcategories&post=179"},{"taxonomy":"post_tag","embeddable":true,"href":"https:\/\/www.cdu-herdringen.de\/index.php?rest_route=%2Fwp%2Fv2%2Ftags&post=179"}],"curies":[{"name":"wp","href":"https:\/\/api.w.org\/{rel}","templated":true}]}}